{"id":977,"date":"2021-04-30T21:42:14","date_gmt":"2021-04-30T21:42:14","guid":{"rendered":"http:\/\/www.cvjm-altenheim.de\/?p=977"},"modified":"2021-04-30T21:42:14","modified_gmt":"2021-04-30T21:42:14","slug":"pfingstrallye-fuer-familien-und-interessierte","status":"publish","type":"post","link":"http:\/\/www.cvjm-altenheim.de\/?p=977","title":{"rendered":"Pfingstrallye f\u00fcr Familien und Interessierte"},"content":{"rendered":"<p><span style=\"color: #000000;\"><span style=\"font-family: Calibri, sans-serif;\"><span style=\"font-size: small;\"><b><a href=\"http:\/\/www.cvjm-altenheim.de\/wp-content\/uploads\/Pfingst_rallye.png\"><img loading=\"lazy\" class=\"alignnone size-full wp-image-978\" src=\"http:\/\/www.cvjm-altenheim.de\/wp-content\/uploads\/Pfingst_rallye.png\" alt=\"\" width=\"576\" height=\"355\" srcset=\"http:\/\/www.cvjm-altenheim.de\/wp-content\/uploads\/Pfingst_rallye.png 576w, http:\/\/www.cvjm-altenheim.de\/wp-content\/uploads\/Pfingst_rallye-300x185.png 300w, http:\/\/www.cvjm-altenheim.de\/wp-content\/uploads\/Pfingst_rallye-487x300.png 487w\" sizes=\"(max-width: 576px) 100vw, 576px\" \/><\/a><\/b><\/span><\/span><\/span><\/p>\n<p><span style=\"font-weight: 400;\">Vom 23.Mai bis 6. Juni (Pfingstferien) laden wir sie zur Pfingst-Fahrradrallye in allen f\u00fcnf Ortsteilen von NEURIED ein. Dazu finden sie in jedem Ortsteileine selbsterkl\u00e4rende Station.Von 9:00-18:00Uhr sind die Stationen f\u00fcr sie vorbereitet. Die Pfingst-Fahrradrallye bietet ihnen die M\u00f6glichkeit, sich miteinander auf den Weg zu machen, und mehr von Pfingsten zu entdecken, miteinander dar\u00fcber zu h\u00f6ren, zu reden und gemeinsam an jeder Station etwas zum kreativ werden und etwas mit nach Hause zu nehmen. Bei den f\u00fcnf Stationen finden sie auch ein Gewinnspiel, an dem sich jede Familie oder Einzelperson beteiligen kann.<\/span><\/p>\n<p><span style=\"color: #000000;\"><span style=\"font-family: Calibri, sans-serif;\"><span style=\"font-size: small;\"><b>Ortsteil M\u00dcLLEN:\u00a0<\/b><\/span><\/span><\/span><span style=\"color: #000000;\"><span style=\"font-family: Calibri, sans-serif;\"><span style=\"font-size: small;\">Schutterstra\u00dfe 11 bei der Kirche (Station Flammen)<\/span><\/span><\/span><\/p>\n<p><span style=\"color: #000000;\"><span style=\"font-family: Calibri, sans-serif;\"><span style=\"font-size: small;\"><b>Ortsteil ALTENHEIM:\u00a0<\/b><\/span><\/span><\/span><span style=\"color: #000000;\"><span style=\"font-family: Calibri, sans-serif;\"><span style=\"font-size: small;\">Kirchstra\u00dfe 27 bei der Kirche (Station Fr\u00fcchte)<\/span><\/span><\/span><\/p>\n<p><span style=\"color: #000000;\"><span style=\"font-family: Calibri, sans-serif;\"><span style=\"font-size: small;\"><b>Ortsteil DUNDENHEIM:\u00a0<\/b><\/span><\/span><\/span><span style=\"color: #000000;\"><span style=\"font-family: Calibri, sans-serif;\"><span style=\"font-size: small;\">Offenburgerstrasse 5 bei Familie Spenlger (Eierh\u00e4usle) (Station Tr\u00f6ster\/Beistand)<\/span><\/span><\/span><\/p>\n<p><span style=\"color: #000000;\"><span style=\"font-family: Calibri, sans-serif;\"><span style=\"font-size: small;\"><b>Ortsteil ICHENHEIM:\u00a0<\/b><\/span><\/span><\/span><span style=\"font-size: small; font-family: Calibri, sans-serif; color: #000000;\">Hauptstra\u00dfe 42 beim Kath. Pfarrgarten (Station Mut)<\/span><\/p>\n<p><span style=\"color: #000000;\"><span style=\"font-family: Calibri, sans-serif;\"><span style=\"font-size: small;\"><b>Ortsteil SCHUTTERZELL:\u00a0<\/b><\/span><\/span><\/span><span style=\"color: #000000;\"><span style=\"font-family: Calibri, sans-serif;\"><span style=\"font-size: small;\">Lahrer Stra\u00dfe 20 bei Familie Heitzmann (Eierh\u00e4usle) (Station Wind)<\/span><\/span><\/span><\/p>\n<p><span style=\"font-weight: 400;\">Wir w\u00fcnschen Ihnen viel Freude gute gemeinsame Erfahrungen! Bitte beachten sie die AHA Regeln!<\/span><\/p>\n<p><span style=\"font-weight: 400;\">VERANSTALTER: Die \u00f6kumenischen Gemeindeteams und der CVJM Altenheim e. V.<\/span><\/p>\n<p><span style=\"font-weight: 400;\">Kontaktadresse: Ingrid Parden Tel. 07807\/1742<\/span><\/p>\n<p><span style=\"font-weight: 400;\">GEWINNSPIEL<\/span><\/p>\n<ol>\n<li style=\"font-weight: 400;\" aria-level=\"1\"><span style=\"font-weight: 400;\">Preis: Picknick\u00a0 f\u00fcr die Familie\u00a0<\/span><\/li>\n<li style=\"font-weight: 400;\" aria-level=\"1\"><span style=\"font-weight: 400;\">Preis: Geburtstagstorte nach Wahl<\/span><\/li>\n<li style=\"font-weight: 400;\" aria-level=\"1\"><span style=\"font-weight: 400;\">Preis: Familienpizza<\/span><\/li>\n<\/ol>\n","protected":false},"excerpt":{"rendered":"<p>Vom 23.Mai bis 6. Juni (Pfingstferien) laden wir sie zur Pfingst-Fahrradrallye in allen f\u00fcnf Ortsteilen von NEURIED ein. Dazu finden sie in jedem Ortsteileine selbsterkl\u00e4rende Station.Von 9:00-18:00Uhr sind die Stationen f\u00fcr sie vorbereitet. Die Pfingst-Fahrradrallye bietet ihnen die M\u00f6glichkeit, sich &hellip; <a href=\"http:\/\/www.cvjm-altenheim.de\/?p=977\">Weiterlesen <span class=\"meta-nav\">&rarr;<\/span><\/a><\/p>\n","protected":false},"author":5,"featured_media":0,"comment_status":"closed","ping_status":"closed","sticky":false,"template":"","format":"standard","meta":[],"categories":[1],"tags":[],"_links":{"self":[{"href":"http:\/\/www.cvjm-altenheim.de\/index.php?rest_route=\/wp\/v2\/posts\/977"}],"collection":[{"href":"http:\/\/www.cvjm-altenheim.de\/index.php?rest_route=\/wp\/v2\/posts"}],"about":[{"href":"http:\/\/www.cvjm-altenheim.de\/index.php?rest_route=\/wp\/v2\/types\/post"}],"author":[{"embeddable":true,"href":"http:\/\/www.cvjm-altenheim.de\/index.php?rest_route=\/wp\/v2\/users\/5"}],"replies":[{"embeddable":true,"href":"http:\/\/www.cvjm-altenheim.de\/index.php?rest_route=%2Fwp%2Fv2%2Fcomments&post=977"}],"version-history":[{"count":1,"href":"http:\/\/www.cvjm-altenheim.de\/index.php?rest_route=\/wp\/v2\/posts\/977\/revisions"}],"predecessor-version":[{"id":979,"href":"http:\/\/www.cvjm-altenheim.de\/index.php?rest_route=\/wp\/v2\/posts\/977\/revisions\/979"}],"wp:attachment":[{"href":"http:\/\/www.cvjm-altenheim.de\/index.php?rest_route=%2Fwp%2Fv2%2Fmedia&parent=977"}],"wp:term":[{"taxonomy":"category","embeddable":true,"href":"http:\/\/www.cvjm-altenheim.de\/index.php?rest_route=%2Fwp%2Fv2%2Fcategories&post=977"},{"taxonomy":"post_tag","embeddable":true,"href":"http:\/\/www.cvjm-altenheim.de\/index.php?rest_route=%2Fwp%2Fv2%2Ftags&post=977"}],"curies":[{"name":"wp","href":"https:\/\/api.w.org\/{rel}","templated":true}]}}