{"id":81,"date":"2011-08-08T13:03:08","date_gmt":"2011-08-08T13:03:08","guid":{"rendered":"http:\/\/www.cvjm-altenheim.de\/?p=81"},"modified":"2011-09-02T10:54:29","modified_gmt":"2011-09-02T10:54:29","slug":"sommerferienprogramm-2011","status":"publish","type":"post","link":"http:\/\/www.cvjm-altenheim.de\/?p=81","title":{"rendered":"Sommerferienprogramm 2011"},"content":{"rendered":"<p><a href=\"http:\/\/www.cvjm-altenheim.de\/wp-content\/uploads\/Sommerferienprg01.jpg\"><img loading=\"lazy\" class=\"alignleft size-medium wp-image-82\" title=\"Sommerferienprg01\" src=\"http:\/\/www.cvjm-altenheim.de\/wp-content\/uploads\/Sommerferienprg01-300x225.jpg\" alt=\"\" width=\"300\" height=\"225\" srcset=\"http:\/\/www.cvjm-altenheim.de\/wp-content\/uploads\/Sommerferienprg01-300x225.jpg 300w, http:\/\/www.cvjm-altenheim.de\/wp-content\/uploads\/Sommerferienprg01-1024x768.jpg 1024w, http:\/\/www.cvjm-altenheim.de\/wp-content\/uploads\/Sommerferienprg01-400x300.jpg 400w, http:\/\/www.cvjm-altenheim.de\/wp-content\/uploads\/Sommerferienprg01.jpg 2048w\" sizes=\"(max-width: 300px) 100vw, 300px\" \/><\/a>Sommerferienprogramm des CVJM Altenheim<\/p>\n<p>Am Samstag, dem 30. Juli 2011, er\u00f6ffnete der CVJM Altenheim, mit dem \u201eAbenteuertag rund um die Feuerwehrinsel\u201c, das Sommerferienprogramm 2011. Um 10:00 Uhr begann der Tag am Gemeindehaus. Kennenlernspiele und ein Theaterst\u00fcck zum Gleichnis: Der Schatz im Acker sowie das Basteln eines Gebetsw\u00fcrfels waren das Programm des Vormittags.<\/p>\n<p>Nach der St\u00e4rkung mit Spaghetti und Tomatenso\u00dfe ging es dann auf den Scoutplatz, wo die Kinder endlich unter freien Himmel waren. Passend zum Gleichnis bauten die Kinder ihre eigene Schatztruhe aus Holz. Doch was n\u00fctzt einem eine Schatztruhe ohne Schatz? Dieser musste erst noch bei einem Gel\u00e4ndespiel anhand einer passenden Schatzkarte gefunden werden. Die Kinder gruben nach ca. zwei Stunden den langersehnten Schatz aus, worin sich leckere S\u00fc\u00dfigkeiten befanden. Voller Freude verfrachteten die Kinder die Leckereien in ihre selbstgebastelte Schatztruhe. Zum Abschluss des Tages gab es am Lagerfeuer f\u00fcr alle Stockbrot, <a href=\"http:\/\/www.cvjm-altenheim.de\/wp-content\/uploads\/Sommerferienprg02.jpg\"><img loading=\"lazy\" class=\"alignleft size-medium wp-image-84\" title=\"Sommerferienprg02\" src=\"http:\/\/www.cvjm-altenheim.de\/wp-content\/uploads\/Sommerferienprg02-300x225.jpg\" alt=\"\" width=\"300\" height=\"225\" srcset=\"http:\/\/www.cvjm-altenheim.de\/wp-content\/uploads\/Sommerferienprg02-300x225.jpg 300w, http:\/\/www.cvjm-altenheim.de\/wp-content\/uploads\/Sommerferienprg02-1024x768.jpg 1024w, http:\/\/www.cvjm-altenheim.de\/wp-content\/uploads\/Sommerferienprg02-400x300.jpg 400w, http:\/\/www.cvjm-altenheim.de\/wp-content\/uploads\/Sommerferienprg02.jpg 2048w\" sizes=\"(max-width: 300px) 100vw, 300px\" \/><\/a>W\u00fcrstchen und Br\u00f6tchen. Aber auch der sch\u00f6nste Tag ging einmal zu Ende. Und so blickten die Eltern am Ende des Tages in gl\u00fcckliche, aber auch ersch\u00f6pfte Kindergesichter.<\/p>\n<p>Der Tag wurde von zehn ehrenamtlichen Mitarbeitern des CVJM Altenheim vorbereitet und erfolgreich durchgef\u00fchrt.<\/p>\n","protected":false},"excerpt":{"rendered":"<p>Sommerferienprogramm des CVJM Altenheim Am Samstag, dem 30. Juli 2011, er\u00f6ffnete der CVJM Altenheim, mit dem \u201eAbenteuertag rund um die Feuerwehrinsel\u201c, das Sommerferienprogramm 2011. Um 10:00 Uhr begann der Tag am Gemeindehaus. Kennenlernspiele und ein Theaterst\u00fcck zum Gleichnis: Der Schatz &hellip; <a href=\"http:\/\/www.cvjm-altenheim.de\/?p=81\">Weiterlesen <span class=\"meta-nav\">&rarr;<\/span><\/a><\/p>\n","protected":false},"author":1,"featured_media":0,"comment_status":"open","ping_status":"closed","sticky":false,"template":"","format":"standard","meta":[],"categories":[1],"tags":[],"_links":{"self":[{"href":"http:\/\/www.cvjm-altenheim.de\/index.php?rest_route=\/wp\/v2\/posts\/81"}],"collection":[{"href":"http:\/\/www.cvjm-altenheim.de\/index.php?rest_route=\/wp\/v2\/posts"}],"about":[{"href":"http:\/\/www.cvjm-altenheim.de\/index.php?rest_route=\/wp\/v2\/types\/post"}],"author":[{"embeddable":true,"href":"http:\/\/www.cvjm-altenheim.de\/index.php?rest_route=\/wp\/v2\/users\/1"}],"replies":[{"embeddable":true,"href":"http:\/\/www.cvjm-altenheim.de\/index.php?rest_route=%2Fwp%2Fv2%2Fcomments&post=81"}],"version-history":[{"count":5,"href":"http:\/\/www.cvjm-altenheim.de\/index.php?rest_route=\/wp\/v2\/posts\/81\/revisions"}],"predecessor-version":[{"id":86,"href":"http:\/\/www.cvjm-altenheim.de\/index.php?rest_route=\/wp\/v2\/posts\/81\/revisions\/86"}],"wp:attachment":[{"href":"http:\/\/www.cvjm-altenheim.de\/index.php?rest_route=%2Fwp%2Fv2%2Fmedia&parent=81"}],"wp:term":[{"taxonomy":"category","embeddable":true,"href":"http:\/\/www.cvjm-altenheim.de\/index.php?rest_route=%2Fwp%2Fv2%2Fcategories&post=81"},{"taxonomy":"post_tag","embeddable":true,"href":"http:\/\/www.cvjm-altenheim.de\/index.php?rest_route=%2Fwp%2Fv2%2Ftags&post=81"}],"curies":[{"name":"wp","href":"https:\/\/api.w.org\/{rel}","templated":true}]}}