{"id":641,"date":"2016-03-30T18:12:33","date_gmt":"2016-03-30T18:12:33","guid":{"rendered":"http:\/\/www.cvjm-altenheim.de\/?p=641"},"modified":"2016-03-30T18:12:33","modified_gmt":"2016-03-30T18:12:33","slug":"jahreshauptversammlung-neuer-vorstand-wurde-gewaehlt","status":"publish","type":"post","link":"http:\/\/www.cvjm-altenheim.de\/?p=641","title":{"rendered":"Jahreshauptversammlung &#8211; Neuer Vorstand wurde gew\u00e4hlt"},"content":{"rendered":"<p><a href=\"http:\/\/www.cvjm-altenheim.de\/wp-content\/uploads\/Vorstand_2016.jpg\" rel=\"attachment wp-att-638\"><img loading=\"lazy\" class=\"alignnone size-medium wp-image-638\" src=\"http:\/\/www.cvjm-altenheim.de\/wp-content\/uploads\/Vorstand_2016-300x215.jpg\" alt=\"Vorstand_2016\" width=\"300\" height=\"215\" srcset=\"http:\/\/www.cvjm-altenheim.de\/wp-content\/uploads\/Vorstand_2016-300x215.jpg 300w, http:\/\/www.cvjm-altenheim.de\/wp-content\/uploads\/Vorstand_2016-419x300.jpg 419w, http:\/\/www.cvjm-altenheim.de\/wp-content\/uploads\/Vorstand_2016.jpg 510w\" sizes=\"(max-width: 300px) 100vw, 300px\" \/><\/a><\/p>\n<p>v.l.n.r. Waldemar Schott (Schriftf\u00fchrer), Sigfried Sonntag (Kassierer), Wolfgang Winkler (1.Vorsitzender), Sylvia Winkler (2.Vorsitzende)<\/p>\n<p>Am 16.M\u00e4rz 2016 w\u00e4hlten die Mitglieder des CVJM Altenheim e.V. den neuen Vorstand. Wolfgang Winkler \u00fcbernimmt das Amt des 1.Vorsitzenden von Sebastian Schwarz. Sylvia Winkler l\u00f6st Johannes Bro\u00df als 2.Vorsitzenden ab.<\/p>\n<p>Es wurde von der Arbeit mit den zahlreichen Gruppen und Aktionen berichtet.<\/p>\n<p>Teilnehmer aus der Jugendgruppe nahmen am gro\u00dfen CVJM Badentreff in Karlsdorf-Neuthard teil.<\/p>\n<p>Im August wurde mit zwei Abenteuer-Tagen das Neurieder Sommer-Ferienprogramm mitgestaltet.<\/p>\n<p>Im Dezember gab es erstmalig eine Wald-Weihnacht, bei der Kinder die Weihnachtsgeschichte in der Natur miterleben konnten.<\/p>\n<p>Ein weiteres Highlight war die Orangen-Aktion mit den Konfirmanden aus Altenheim, die f\u00fcr den CVJM Kenia verkauft wurden.<\/p>\n<p>Die Christbaum-Sammelaktion war, dank der vielen Helfer, ebenfalls ein gro\u00dfer Erfolg.<\/p>\n<p>&nbsp;<\/p>\n<p>&nbsp;<\/p>\n","protected":false},"excerpt":{"rendered":"<p>v.l.n.r. Waldemar Schott (Schriftf\u00fchrer), Sigfried Sonntag (Kassierer), Wolfgang Winkler (1.Vorsitzender), Sylvia Winkler (2.Vorsitzende) Am 16.M\u00e4rz 2016 w\u00e4hlten die Mitglieder des CVJM Altenheim e.V. den neuen Vorstand. Wolfgang Winkler \u00fcbernimmt das Amt des 1.Vorsitzenden von Sebastian Schwarz. Sylvia Winkler l\u00f6st Johannes &hellip; <a href=\"http:\/\/www.cvjm-altenheim.de\/?p=641\">Weiterlesen <span class=\"meta-nav\">&rarr;<\/span><\/a><\/p>\n","protected":false},"author":5,"featured_media":0,"comment_status":"open","ping_status":"closed","sticky":false,"template":"","format":"standard","meta":[],"categories":[1],"tags":[],"_links":{"self":[{"href":"http:\/\/www.cvjm-altenheim.de\/index.php?rest_route=\/wp\/v2\/posts\/641"}],"collection":[{"href":"http:\/\/www.cvjm-altenheim.de\/index.php?rest_route=\/wp\/v2\/posts"}],"about":[{"href":"http:\/\/www.cvjm-altenheim.de\/index.php?rest_route=\/wp\/v2\/types\/post"}],"author":[{"embeddable":true,"href":"http:\/\/www.cvjm-altenheim.de\/index.php?rest_route=\/wp\/v2\/users\/5"}],"replies":[{"embeddable":true,"href":"http:\/\/www.cvjm-altenheim.de\/index.php?rest_route=%2Fwp%2Fv2%2Fcomments&post=641"}],"version-history":[{"count":1,"href":"http:\/\/www.cvjm-altenheim.de\/index.php?rest_route=\/wp\/v2\/posts\/641\/revisions"}],"predecessor-version":[{"id":642,"href":"http:\/\/www.cvjm-altenheim.de\/index.php?rest_route=\/wp\/v2\/posts\/641\/revisions\/642"}],"wp:attachment":[{"href":"http:\/\/www.cvjm-altenheim.de\/index.php?rest_route=%2Fwp%2Fv2%2Fmedia&parent=641"}],"wp:term":[{"taxonomy":"category","embeddable":true,"href":"http:\/\/www.cvjm-altenheim.de\/index.php?rest_route=%2Fwp%2Fv2%2Fcategories&post=641"},{"taxonomy":"post_tag","embeddable":true,"href":"http:\/\/www.cvjm-altenheim.de\/index.php?rest_route=%2Fwp%2Fv2%2Ftags&post=641"}],"curies":[{"name":"wp","href":"https:\/\/api.w.org\/{rel}","templated":true}]}}