{"id":499,"date":"2013-12-11T14:42:20","date_gmt":"2013-12-11T14:42:20","guid":{"rendered":"http:\/\/www.cvjm-altenheim.de\/?p=499"},"modified":"2013-12-11T14:42:20","modified_gmt":"2013-12-11T14:42:20","slug":"konfifreizeit-2013","status":"publish","type":"post","link":"http:\/\/www.cvjm-altenheim.de\/?p=499","title":{"rendered":"Konfifreizeit 2013"},"content":{"rendered":"<p>Das Konficamp findet immer am Anfang der Konfirmationszeit statt. Dabei wollen wir als Gruppe zusammenwachsen und auch Konfirmanden aus anderen Orten kennen lernen. Dieses Jahr waren wir zum ersten Mal auf dem Marienhof n\u00e4he Hohberg, wir nahmen mit 29 Konfirmanden und 2 Mitarbeitern an der Campgemeinschaft teil.<\/p>\n<p>Neben Spiel und Spa\u00df, kam nat\u00fcrlich auch nicht der Glauben zu kurz. Somit hatten wir mehrer Gottesdienste am Tag, welche durch eine jugendliche Band begleitet wurden. Ein besonderes Highlight f\u00fcr die Konfirmanden war das Konzert der Band <strong>&#8222;Give me a Hug&#8220; <\/strong>am Samstagabend.<\/p>\n<p>Durch verschiedene Workshops wie z.B Serviettentechnik, American Football, N\u00e4hen, Beach Volleyball und Ultimate Frisbee konnten die Konfirmanden ihren Samstagnachmittag frei gestalten.<\/p>\n<p>Wir hatten sehr viel Spa\u00df zusammen und sind als Gruppe n\u00e4her aneinander ger\u00fcckt und freuen uns jetzt auf eine gemeinsame Konfirmandenzeit.<\/p>\n","protected":false},"excerpt":{"rendered":"<p>Das Konficamp findet immer am Anfang der Konfirmationszeit statt. Dabei wollen wir als Gruppe zusammenwachsen und auch Konfirmanden aus anderen Orten kennen lernen. Dieses Jahr waren wir zum ersten Mal auf dem Marienhof n\u00e4he Hohberg, wir nahmen mit 29 Konfirmanden &hellip; <a href=\"http:\/\/www.cvjm-altenheim.de\/?p=499\">Weiterlesen <span class=\"meta-nav\">&rarr;<\/span><\/a><\/p>\n","protected":false},"author":11,"featured_media":0,"comment_status":"open","ping_status":"closed","sticky":false,"template":"","format":"standard","meta":[],"categories":[1],"tags":[],"_links":{"self":[{"href":"http:\/\/www.cvjm-altenheim.de\/index.php?rest_route=\/wp\/v2\/posts\/499"}],"collection":[{"href":"http:\/\/www.cvjm-altenheim.de\/index.php?rest_route=\/wp\/v2\/posts"}],"about":[{"href":"http:\/\/www.cvjm-altenheim.de\/index.php?rest_route=\/wp\/v2\/types\/post"}],"author":[{"embeddable":true,"href":"http:\/\/www.cvjm-altenheim.de\/index.php?rest_route=\/wp\/v2\/users\/11"}],"replies":[{"embeddable":true,"href":"http:\/\/www.cvjm-altenheim.de\/index.php?rest_route=%2Fwp%2Fv2%2Fcomments&post=499"}],"version-history":[{"count":1,"href":"http:\/\/www.cvjm-altenheim.de\/index.php?rest_route=\/wp\/v2\/posts\/499\/revisions"}],"predecessor-version":[{"id":500,"href":"http:\/\/www.cvjm-altenheim.de\/index.php?rest_route=\/wp\/v2\/posts\/499\/revisions\/500"}],"wp:attachment":[{"href":"http:\/\/www.cvjm-altenheim.de\/index.php?rest_route=%2Fwp%2Fv2%2Fmedia&parent=499"}],"wp:term":[{"taxonomy":"category","embeddable":true,"href":"http:\/\/www.cvjm-altenheim.de\/index.php?rest_route=%2Fwp%2Fv2%2Fcategories&post=499"},{"taxonomy":"post_tag","embeddable":true,"href":"http:\/\/www.cvjm-altenheim.de\/index.php?rest_route=%2Fwp%2Fv2%2Ftags&post=499"}],"curies":[{"name":"wp","href":"https:\/\/api.w.org\/{rel}","templated":true}]}}