{"id":379,"date":"2012-07-15T19:59:52","date_gmt":"2012-07-15T19:59:52","guid":{"rendered":"http:\/\/www.cvjm-altenheim.de\/?p=379"},"modified":"2012-07-15T20:18:42","modified_gmt":"2012-07-15T20:18:42","slug":"badentreff-2012","status":"publish","type":"post","link":"http:\/\/www.cvjm-altenheim.de\/?p=379","title":{"rendered":"Badentreff 2012"},"content":{"rendered":"<p>Auch in diesem Jahr war der CVJM Altenheim nat\u00fcrlich auf dem Badentreff dabei. Zusammen mit Teilnehmern aus Friesenheim, Allmannsweier, Sinzheim und \u00fcber 1200 anderen CVJMern aus ganz Baden verbrachten wir ein Zeltwochenende in der N\u00e4he von Bruchsal. Die 3 Tage waren eigentlich zu kurz f\u00fcr das Programm was uns geboten wurde. Darunter waren z.B. ein Moonshinevolleyballturnier, Seminare u Workshops, ein Lobpreiskonzert mit der Starsearch-Gewinnerin Florence Joy. und einer riesiger Schlammschlacht. Der Gottesdienst am Sonntagmorgen bildete einen sch\u00f6nen Abschluss zum Thema &#8222;Durstig&#8220;, das uns das ganze Wochenende inhaltlich begleitete.<\/p>\n<p>Wir werden n\u00e4chstes Jahr wieder dabei sein und freuen uns jetzt schon drauf.<\/p>\n<p><a href=\"http:\/\/www.cvjm-altenheim.de\/wp-content\/uploads\/20120707Panorama_klein.jpg\"><img loading=\"lazy\" class=\"aligncenter size-full wp-image-380\" title=\"20120707Panorama_klein\" src=\"http:\/\/www.cvjm-altenheim.de\/wp-content\/uploads\/20120707Panorama_klein.jpg\" alt=\"\" width=\"5576\" height=\"1000\" srcset=\"http:\/\/www.cvjm-altenheim.de\/wp-content\/uploads\/20120707Panorama_klein.jpg 5576w, http:\/\/www.cvjm-altenheim.de\/wp-content\/uploads\/20120707Panorama_klein-300x53.jpg 300w, http:\/\/www.cvjm-altenheim.de\/wp-content\/uploads\/20120707Panorama_klein-1024x183.jpg 1024w, http:\/\/www.cvjm-altenheim.de\/wp-content\/uploads\/20120707Panorama_klein-500x89.jpg 500w\" sizes=\"(max-width: 5576px) 100vw, 5576px\" \/><\/a><\/p>\n\n\t\t<style type=\"text\/css\">\n\t\t\t#gallery-1 {\n\t\t\t\tmargin: auto;\n\t\t\t}\n\t\t\t#gallery-1 .gallery-item {\n\t\t\t\tfloat: left;\n\t\t\t\tmargin-top: 10px;\n\t\t\t\ttext-align: center;\n\t\t\t\twidth: 33%;\n\t\t\t}\n\t\t\t#gallery-1 img {\n\t\t\t\tborder: 2px solid #cfcfcf;\n\t\t\t}\n\t\t\t#gallery-1 .gallery-caption {\n\t\t\t\tmargin-left: 0;\n\t\t\t}\n\t\t\t\/* see gallery_shortcode() in wp-includes\/media.php *\/\n\t\t<\/style>\n\t\t<div id='gallery-1' class='gallery galleryid-379 gallery-columns-3 gallery-size-thumbnail'><dl class='gallery-item'>\n\t\t\t<dt class='gallery-icon landscape'>\n\t\t\t\t<a href='http:\/\/www.cvjm-altenheim.de\/?attachment_id=380'><img width=\"150\" height=\"150\" src=\"http:\/\/www.cvjm-altenheim.de\/wp-content\/uploads\/20120707Panorama_klein-150x150.jpg\" class=\"attachment-thumbnail size-thumbnail\" alt=\"\" loading=\"lazy\" \/><\/a>\n\t\t\t<\/dt><\/dl><dl class='gallery-item'>\n\t\t\t<dt class='gallery-icon landscape'>\n\t\t\t\t<a href='http:\/\/www.cvjm-altenheim.de\/?attachment_id=396'><img width=\"150\" height=\"150\" src=\"http:\/\/www.cvjm-altenheim.de\/wp-content\/uploads\/20120707_IMG_15801-150x150.jpg\" class=\"attachment-thumbnail size-thumbnail\" alt=\"\" loading=\"lazy\" \/><\/a>\n\t\t\t<\/dt><\/dl><dl class='gallery-item'>\n\t\t\t<dt class='gallery-icon landscape'>\n\t\t\t\t<a href='http:\/\/www.cvjm-altenheim.de\/?attachment_id=397'><img width=\"150\" height=\"150\" src=\"http:\/\/www.cvjm-altenheim.de\/wp-content\/uploads\/20120707_IMG_15631-150x150.jpg\" class=\"attachment-thumbnail size-thumbnail\" alt=\"\" loading=\"lazy\" \/><\/a>\n\t\t\t<\/dt><\/dl><br style=\"clear: both\" \/><dl class='gallery-item'>\n\t\t\t<dt class='gallery-icon landscape'>\n\t\t\t\t<a href='http:\/\/www.cvjm-altenheim.de\/?attachment_id=398'><img width=\"150\" height=\"150\" src=\"http:\/\/www.cvjm-altenheim.de\/wp-content\/uploads\/20120707_IMG_15621-150x150.jpg\" class=\"attachment-thumbnail size-thumbnail\" alt=\"\" loading=\"lazy\" \/><\/a>\n\t\t\t<\/dt><\/dl><dl class='gallery-item'>\n\t\t\t<dt class='gallery-icon landscape'>\n\t\t\t\t<a href='http:\/\/www.cvjm-altenheim.de\/?attachment_id=399'><img width=\"150\" height=\"150\" src=\"http:\/\/www.cvjm-altenheim.de\/wp-content\/uploads\/20120707_IMG_15591-150x150.jpg\" class=\"attachment-thumbnail size-thumbnail\" alt=\"\" loading=\"lazy\" \/><\/a>\n\t\t\t<\/dt><\/dl><dl class='gallery-item'>\n\t\t\t<dt class='gallery-icon landscape'>\n\t\t\t\t<a href='http:\/\/www.cvjm-altenheim.de\/?attachment_id=400'><img width=\"150\" height=\"150\" src=\"http:\/\/www.cvjm-altenheim.de\/wp-content\/uploads\/20120707_IMG_15541-150x150.jpg\" class=\"attachment-thumbnail size-thumbnail\" alt=\"\" loading=\"lazy\" \/><\/a>\n\t\t\t<\/dt><\/dl><br style=\"clear: both\" \/><dl class='gallery-item'>\n\t\t\t<dt class='gallery-icon landscape'>\n\t\t\t\t<a href='http:\/\/www.cvjm-altenheim.de\/?attachment_id=401'><img width=\"150\" height=\"150\" src=\"http:\/\/www.cvjm-altenheim.de\/wp-content\/uploads\/20120707_IMG_15461-150x150.jpg\" class=\"attachment-thumbnail size-thumbnail\" alt=\"\" loading=\"lazy\" \/><\/a>\n\t\t\t<\/dt><\/dl><dl class='gallery-item'>\n\t\t\t<dt class='gallery-icon landscape'>\n\t\t\t\t<a href='http:\/\/www.cvjm-altenheim.de\/?attachment_id=402'><img width=\"150\" height=\"150\" src=\"http:\/\/www.cvjm-altenheim.de\/wp-content\/uploads\/20120707_IMG_15321-150x150.jpg\" class=\"attachment-thumbnail size-thumbnail\" alt=\"\" loading=\"lazy\" \/><\/a>\n\t\t\t<\/dt><\/dl><dl class='gallery-item'>\n\t\t\t<dt class='gallery-icon landscape'>\n\t\t\t\t<a href='http:\/\/www.cvjm-altenheim.de\/?attachment_id=403'><img width=\"150\" height=\"150\" src=\"http:\/\/www.cvjm-altenheim.de\/wp-content\/uploads\/20120707_IMG_15261-150x150.jpg\" class=\"attachment-thumbnail size-thumbnail\" alt=\"\" loading=\"lazy\" \/><\/a>\n\t\t\t<\/dt><\/dl><br style=\"clear: both\" \/><dl class='gallery-item'>\n\t\t\t<dt class='gallery-icon landscape'>\n\t\t\t\t<a href='http:\/\/www.cvjm-altenheim.de\/?attachment_id=404'><img width=\"150\" height=\"150\" src=\"http:\/\/www.cvjm-altenheim.de\/wp-content\/uploads\/20120707_IMG_15181-150x150.jpg\" class=\"attachment-thumbnail size-thumbnail\" alt=\"\" loading=\"lazy\" \/><\/a>\n\t\t\t<\/dt><\/dl><dl class='gallery-item'>\n\t\t\t<dt class='gallery-icon landscape'>\n\t\t\t\t<a href='http:\/\/www.cvjm-altenheim.de\/?attachment_id=405'><img width=\"150\" height=\"150\" src=\"http:\/\/www.cvjm-altenheim.de\/wp-content\/uploads\/20120707_IMG_15111-150x150.jpg\" class=\"attachment-thumbnail size-thumbnail\" alt=\"\" loading=\"lazy\" \/><\/a>\n\t\t\t<\/dt><\/dl>\n\t\t\t<br style='clear: both' \/>\n\t\t<\/div>\n\n","protected":false},"excerpt":{"rendered":"<p>Auch in diesem Jahr war der CVJM Altenheim nat\u00fcrlich auf dem Badentreff dabei. Zusammen mit Teilnehmern aus Friesenheim, Allmannsweier, Sinzheim und \u00fcber 1200 anderen CVJMern aus ganz Baden verbrachten wir ein Zeltwochenende in der N\u00e4he von Bruchsal. Die 3 Tage &hellip; <a href=\"http:\/\/www.cvjm-altenheim.de\/?p=379\">Weiterlesen <span class=\"meta-nav\">&rarr;<\/span><\/a><\/p>\n","protected":false},"author":9,"featured_media":0,"comment_status":"open","ping_status":"closed","sticky":false,"template":"","format":"standard","meta":[],"categories":[1],"tags":[],"_links":{"self":[{"href":"http:\/\/www.cvjm-altenheim.de\/index.php?rest_route=\/wp\/v2\/posts\/379"}],"collection":[{"href":"http:\/\/www.cvjm-altenheim.de\/index.php?rest_route=\/wp\/v2\/posts"}],"about":[{"href":"http:\/\/www.cvjm-altenheim.de\/index.php?rest_route=\/wp\/v2\/types\/post"}],"author":[{"embeddable":true,"href":"http:\/\/www.cvjm-altenheim.de\/index.php?rest_route=\/wp\/v2\/users\/9"}],"replies":[{"embeddable":true,"href":"http:\/\/www.cvjm-altenheim.de\/index.php?rest_route=%2Fwp%2Fv2%2Fcomments&post=379"}],"version-history":[{"count":5,"href":"http:\/\/www.cvjm-altenheim.de\/index.php?rest_route=\/wp\/v2\/posts\/379\/revisions"}],"predecessor-version":[{"id":406,"href":"http:\/\/www.cvjm-altenheim.de\/index.php?rest_route=\/wp\/v2\/posts\/379\/revisions\/406"}],"wp:attachment":[{"href":"http:\/\/www.cvjm-altenheim.de\/index.php?rest_route=%2Fwp%2Fv2%2Fmedia&parent=379"}],"wp:term":[{"taxonomy":"category","embeddable":true,"href":"http:\/\/www.cvjm-altenheim.de\/index.php?rest_route=%2Fwp%2Fv2%2Fcategories&post=379"},{"taxonomy":"post_tag","embeddable":true,"href":"http:\/\/www.cvjm-altenheim.de\/index.php?rest_route=%2Fwp%2Fv2%2Ftags&post=379"}],"curies":[{"name":"wp","href":"https:\/\/api.w.org\/{rel}","templated":true}]}}